{"id":505,"date":"2017-10-26T12:57:46","date_gmt":"2017-10-26T10:57:46","guid":{"rendered":"http:\/\/radio-oiseau.com\/prefosta\/?p=505"},"modified":"2017-10-26T14:05:48","modified_gmt":"2017-10-26T12:05:48","slug":"jeudi-2-novembre-soiree-bourret-mais-et-chataignes","status":"publish","type":"post","link":"http:\/\/radio-oiseau.com\/prefosta\/jeudi-2-novembre-soiree-bourret-mais-et-chataignes\/","title":{"rendered":"jeudi 2 novembre : soir\u00e9e bourret ma\u00efs et ch\u00e2taignes"},"content":{"rendered":"<p><span class=\"_4n-j _3cht fsl\" data-testid=\"event-permalink-details\"><strong>Soir\u00e9e bourret ma\u00efs et ch\u00e2taignes jeudi 2 novembre<\/strong><br \/>\n<strong> 20h-23h au Bar du Trinquet \/ Maison Xaho (Tardets)<\/strong><\/span><\/p>\n<p><span class=\"_4n-j _3cht fsl\" data-testid=\"event-permalink-details\">Au lieu de rester devant la t\u00e9l\u00e9 venez donc prendre part \u00e0 une soir\u00e9e d\u2019esperoqer\u00e0 organis\u00e9e par Prefosta !<\/span><\/p>\n<p><span class=\"_4n-j _3cht fsl\" data-testid=\"event-permalink-details\"><img loading=\"lazy\" class=\"alignnone size-large wp-image-506\" src=\"http:\/\/radio-oiseau.com\/prefosta\/wp-content\/uploads\/sites\/2\/2017\/10\/bourret-gaualdi-1024x724.jpg\" alt=\"\" width=\"525\" height=\"371\" srcset=\"http:\/\/radio-oiseau.com\/prefosta\/wp-content\/uploads\/sites\/2\/2017\/10\/bourret-gaualdi-1024x724.jpg 1024w, http:\/\/radio-oiseau.com\/prefosta\/wp-content\/uploads\/sites\/2\/2017\/10\/bourret-gaualdi-300x212.jpg 300w, http:\/\/radio-oiseau.com\/prefosta\/wp-content\/uploads\/sites\/2\/2017\/10\/bourret-gaualdi-768x543.jpg 768w, http:\/\/radio-oiseau.com\/prefosta\/wp-content\/uploads\/sites\/2\/2017\/10\/bourret-gaualdi.jpg 1753w\" sizes=\"(max-width: 525px) 100vw, 525px\" \/><\/span><\/p>\n<p>Au programme :<br \/>\n-&gt; \u00e9panouillage de ma\u00efs<br \/>\n-&gt; grillage de ch\u00e2taignes<br \/>\n-&gt; d\u00e9gustation de bourret (de <a href=\"https:\/\/fr.wikipedia.org\/wiki\/Gros_manseng\">gros manseng<\/a> direct du producteur \u00e0 Monein)<\/p>\n<p>Le tout autour du feu !<\/p>\n<p>Osteg\u00fcn ga\u00fcan telebistari so egoiteko partez, h\u00fcillant zite Trinketealat s\u00fcaren ung\u00fcr\u00fcan borret eta gaztaina txestatzera eta arto pikaraitzera !!<\/p>\n","protected":false},"excerpt":{"rendered":"<p>Soir\u00e9e bourret ma\u00efs et ch\u00e2taignes jeudi 2 novembre 20h-23h au Bar du Trinquet \/ Maison Xaho (Tardets) Au lieu de rester devant la t\u00e9l\u00e9 venez donc prendre part \u00e0 une soir\u00e9e d\u2019esperoqer\u00e0 organis\u00e9e par Prefosta ! Au programme : -&gt; \u00e9panouillage de ma\u00efs -&gt; grillage de ch\u00e2taignes -&gt; d\u00e9gustation de bourret (de gros manseng direct &hellip; <\/p>\n<p class=\"link-more\"><a href=\"http:\/\/radio-oiseau.com\/prefosta\/jeudi-2-novembre-soiree-bourret-mais-et-chataignes\/\" class=\"more-link\">Continuer la lecture<span class=\"screen-reader-text\"> de &laquo;&nbsp;jeudi 2 novembre : soir\u00e9e bourret ma\u00efs et ch\u00e2taignes&nbsp;&raquo;<\/span><\/a><\/p>\n","protected":false},"author":4,"featured_media":0,"comment_status":"closed","ping_status":"open","sticky":false,"template":"","format":"standard","meta":[],"categories":[1],"tags":[12,11,16,15,13,17,10],"_links":{"self":[{"href":"http:\/\/radio-oiseau.com\/prefosta\/wp-json\/wp\/v2\/posts\/505"}],"collection":[{"href":"http:\/\/radio-oiseau.com\/prefosta\/wp-json\/wp\/v2\/posts"}],"about":[{"href":"http:\/\/radio-oiseau.com\/prefosta\/wp-json\/wp\/v2\/types\/post"}],"author":[{"embeddable":true,"href":"http:\/\/radio-oiseau.com\/prefosta\/wp-json\/wp\/v2\/users\/4"}],"replies":[{"embeddable":true,"href":"http:\/\/radio-oiseau.com\/prefosta\/wp-json\/wp\/v2\/comments?post=505"}],"version-history":[{"count":6,"href":"http:\/\/radio-oiseau.com\/prefosta\/wp-json\/wp\/v2\/posts\/505\/revisions"}],"predecessor-version":[{"id":512,"href":"http:\/\/radio-oiseau.com\/prefosta\/wp-json\/wp\/v2\/posts\/505\/revisions\/512"}],"wp:attachment":[{"href":"http:\/\/radio-oiseau.com\/prefosta\/wp-json\/wp\/v2\/media?parent=505"}],"wp:term":[{"taxonomy":"category","embeddable":true,"href":"http:\/\/radio-oiseau.com\/prefosta\/wp-json\/wp\/v2\/categories?post=505"},{"taxonomy":"post_tag","embeddable":true,"href":"http:\/\/radio-oiseau.com\/prefosta\/wp-json\/wp\/v2\/tags?post=505"}],"curies":[{"name":"wp","href":"https:\/\/api.w.org\/{rel}","templated":true}]}}