{"id":547,"date":"2017-11-14T12:36:45","date_gmt":"2017-11-14T11:36:45","guid":{"rendered":"http:\/\/radio-oiseau.com\/prefosta\/?p=547"},"modified":"2017-11-20T00:27:50","modified_gmt":"2017-11-19T23:27:50","slug":"vendredi-24-novembre-paxkal-irigoyen","status":"publish","type":"post","link":"http:\/\/radio-oiseau.com\/prefosta\/vendredi-24-novembre-paxkal-irigoyen\/","title":{"rendered":"vendredi 24 novembre : Paxkal Irigoyen"},"content":{"rendered":"<p style=\"text-align: left;\"><span class=\"_4n-j _3cht fsl\"><strong>Soir\u00e9e concert vendredi 24 novembre &#8211; Kontzert\u00fc azaroaren 24an<\/strong><br \/>\n<\/span><span class=\"_4n-j _3cht fsl\"><strong>21h au Bar du Trinquet \/ Maison Xaho (Tardets)\u00a0 \u00a0 \u00a0 \u00a0 \u00a0 \u00a0 \u00a0 \u00a0 \u00a0 \u00a0 \u00a0 \u00a0 \u00a0 \u00a0 \u00a0 \u00a0 \u00a0 \u00a0 \u00a0 \u00a0 <\/strong><\/span><strong style=\"font-size: 1rem;\">Atharratzeko trinketean ga\u00fcko 9etan<\/strong><\/p>\n<p><img loading=\"lazy\" class=\"aligncenter size-full wp-image-554\" src=\"http:\/\/radio-oiseau.com\/prefosta\/wp-content\/uploads\/sites\/2\/2017\/11\/Paxkal2.jpg\" alt=\"\" width=\"662\" height=\"498\" srcset=\"http:\/\/radio-oiseau.com\/prefosta\/wp-content\/uploads\/sites\/2\/2017\/11\/Paxkal2.jpg 662w, http:\/\/radio-oiseau.com\/prefosta\/wp-content\/uploads\/sites\/2\/2017\/11\/Paxkal2-300x226.jpg 300w\" sizes=\"(max-width: 662px) 100vw, 662px\" \/><span class=\"_4n-j _3cht fsl\" data-testid=\"event-permalink-details\">Tzaizte saldoan Prefostarat dag\u00fcn ostiralean! M\u00fcsika goxoa, Belgikako bierrak eta giro hona seg\u00fcrtat\u00fcrik&#8230;<br \/>\n<\/span>Tous \u00e0 Prefosta vendredi! Venez \u00e9couter Paxkal et ses amis en sirotant de bonnes bi\u00e8res belges&#8230;<\/p>\n<p><!--more--><\/p>\n<p>Paxkal Irigoien eta bere lag\u00fcn m\u00fcsikalari zonbaitek trinketa alagerat\u00fcko d\u00fce! Ez bad\u00fcz\u00fce ezag\u00fctzen alkarrizketa\u00a0 bat entz\u00fcngai d\u00fcz\u00fce:\u00a0<a href=\"http:\/\/www.radiokultura.eus\/emissions\/punky-tsigano-metal-boltxebik-paxkal-irigoien\" target=\"_blank\" rel=\"noopener\">Radio Kultura.<\/a><\/p>\n<p>Paxkal viendra accompagn\u00e9 d&rsquo;amis musiciens. Si vous ne le connaissez pas encore, vous pouvez r\u00e9\u00e9couter son interview de 2015 sur <a href=\"http:\/\/www.radiokultura.eus\/emissions\/punky-tsigano-metal-boltxebik-paxkal-irigoien\" target=\"_blank\" rel=\"noopener\">Radio Kultura.<\/a><\/p>\n<p><img loading=\"lazy\" class=\"alignnone size-large wp-image-548\" src=\"http:\/\/radio-oiseau.com\/prefosta\/wp-content\/uploads\/sites\/2\/2017\/11\/paxkal-1024x576.jpg\" alt=\"\" width=\"525\" height=\"295\" srcset=\"http:\/\/radio-oiseau.com\/prefosta\/wp-content\/uploads\/sites\/2\/2017\/11\/paxkal-1024x576.jpg 1024w, http:\/\/radio-oiseau.com\/prefosta\/wp-content\/uploads\/sites\/2\/2017\/11\/paxkal-300x169.jpg 300w, http:\/\/radio-oiseau.com\/prefosta\/wp-content\/uploads\/sites\/2\/2017\/11\/paxkal-768x432.jpg 768w, http:\/\/radio-oiseau.com\/prefosta\/wp-content\/uploads\/sites\/2\/2017\/11\/paxkal.jpg 1050w\" sizes=\"(max-width: 525px) 100vw, 525px\" \/><\/p>\n","protected":false},"excerpt":{"rendered":"<p>Soir\u00e9e concert vendredi 24 novembre &#8211; Kontzert\u00fc azaroaren 24an 21h au Bar du Trinquet \/ Maison Xaho (Tardets)\u00a0 \u00a0 \u00a0 \u00a0 \u00a0 \u00a0 \u00a0 \u00a0 \u00a0 \u00a0 \u00a0 \u00a0 \u00a0 \u00a0 \u00a0 \u00a0 \u00a0 \u00a0 \u00a0 \u00a0 Atharratzeko trinketean ga\u00fcko 9etan Tzaizte saldoan Prefostarat dag\u00fcn ostiralean! M\u00fcsika goxoa, Belgikako bierrak eta giro hona seg\u00fcrtat\u00fcrik&#8230; Tous &hellip; <\/p>\n<p class=\"link-more\"><a href=\"http:\/\/radio-oiseau.com\/prefosta\/vendredi-24-novembre-paxkal-irigoyen\/\" class=\"more-link\">Continuer la lecture<span class=\"screen-reader-text\"> de &laquo;&nbsp;vendredi 24 novembre : Paxkal Irigoyen&nbsp;&raquo;<\/span><\/a><\/p>\n","protected":false},"author":4,"featured_media":0,"comment_status":"closed","ping_status":"open","sticky":false,"template":"","format":"standard","meta":[],"categories":[1],"tags":[],"_links":{"self":[{"href":"http:\/\/radio-oiseau.com\/prefosta\/wp-json\/wp\/v2\/posts\/547"}],"collection":[{"href":"http:\/\/radio-oiseau.com\/prefosta\/wp-json\/wp\/v2\/posts"}],"about":[{"href":"http:\/\/radio-oiseau.com\/prefosta\/wp-json\/wp\/v2\/types\/post"}],"author":[{"embeddable":true,"href":"http:\/\/radio-oiseau.com\/prefosta\/wp-json\/wp\/v2\/users\/4"}],"replies":[{"embeddable":true,"href":"http:\/\/radio-oiseau.com\/prefosta\/wp-json\/wp\/v2\/comments?post=547"}],"version-history":[{"count":9,"href":"http:\/\/radio-oiseau.com\/prefosta\/wp-json\/wp\/v2\/posts\/547\/revisions"}],"predecessor-version":[{"id":559,"href":"http:\/\/radio-oiseau.com\/prefosta\/wp-json\/wp\/v2\/posts\/547\/revisions\/559"}],"wp:attachment":[{"href":"http:\/\/radio-oiseau.com\/prefosta\/wp-json\/wp\/v2\/media?parent=547"}],"wp:term":[{"taxonomy":"category","embeddable":true,"href":"http:\/\/radio-oiseau.com\/prefosta\/wp-json\/wp\/v2\/categories?post=547"},{"taxonomy":"post_tag","embeddable":true,"href":"http:\/\/radio-oiseau.com\/prefosta\/wp-json\/wp\/v2\/tags?post=547"}],"curies":[{"name":"wp","href":"https:\/\/api.w.org\/{rel}","templated":true}]}}